{"id":5837,"date":"2017-01-25T03:38:21","date_gmt":"2017-01-25T09:38:21","guid":{"rendered":"http:\/\/tambienestuya.com\/?p=5837"},"modified":"2017-02-02T11:49:39","modified_gmt":"2017-02-02T17:49:39","slug":"el-peligro-en-tiempos-de-crisis-es","status":"publish","type":"post","link":"https:\/\/tambienestuya.com\/?p=5837","title":{"rendered":"\u201cEl peligro en tiempos de crisis  . . ."},"content":{"rendered":"<h1 style=\"text-align: center;\"><img loading=\"lazy\" decoding=\"async\" class=\"aligncenter wp-image-5841\" src=\"http:\/\/tambienestuya.com\/wp-content\/uploads\/2017\/01\/1485022162_846725_1485027406_sumario_normal_recorte1.jpg\" alt=\"1485022162_846725_1485027406_sumario_normal_recorte1\" width=\"283\" height=\"166\" srcset=\"https:\/\/tambienestuya.com\/wp-content\/uploads\/2017\/01\/1485022162_846725_1485027406_sumario_normal_recorte1.jpg 1960w, https:\/\/tambienestuya.com\/wp-content\/uploads\/2017\/01\/1485022162_846725_1485027406_sumario_normal_recorte1-300x176.jpg 300w, https:\/\/tambienestuya.com\/wp-content\/uploads\/2017\/01\/1485022162_846725_1485027406_sumario_normal_recorte1-768x450.jpg 768w, https:\/\/tambienestuya.com\/wp-content\/uploads\/2017\/01\/1485022162_846725_1485027406_sumario_normal_recorte1-1024x600.jpg 1024w\" sizes=\"auto, (max-width: 283px) 100vw, 283px\" \/><\/h1>\n<p><!--more--><\/p>\n<h1 style=\"text-align: justify;\">. . . es buscar un salvador que nos devuelva la identidad y nos defienda con muros\u201d<\/h1>\n<p style=\"text-align: justify;\">El viernes, a la misma hora que Donald Trump juraba su cargo en Washington, el papa Francisco conced\u00eda en el Vaticano una larga entrevista a EL PA\u00cdS en la que ped\u00eda prudencia ante las alarmas desatadas por el nuevo presidente de Estados Unidos \u2014\u201chay que ver qu\u00e9 hace, no podemos ser profetas de calamidades\u201d\u2014, aunque advert\u00eda de que, <span style=\"text-decoration: underline;\">\u201cen momentos de crisis, no funciona el discernimiento\u201d y los pueblos buscan \u201csalvadores\u201d que les devuelvan la identidad \u201ccon muros y alambres\u201d.<\/span><\/p>\n<p style=\"text-align: justify;\">\n","protected":false},"excerpt":{"rendered":"","protected":false},"author":1,"featured_media":0,"comment_status":"closed","ping_status":"closed","sticky":false,"template":"","format":"standard","meta":{"footnotes":""},"categories":[1],"tags":[],"class_list":["post-5837","post","type-post","status-publish","format-standard","hentry","category-uncategorized"],"_links":{"self":[{"href":"https:\/\/tambienestuya.com\/index.php?rest_route=\/wp\/v2\/posts\/5837","targetHints":{"allow":["GET"]}}],"collection":[{"href":"https:\/\/tambienestuya.com\/index.php?rest_route=\/wp\/v2\/posts"}],"about":[{"href":"https:\/\/tambienestuya.com\/index.php?rest_route=\/wp\/v2\/types\/post"}],"author":[{"embeddable":true,"href":"https:\/\/tambienestuya.com\/index.php?rest_route=\/wp\/v2\/users\/1"}],"replies":[{"embeddable":true,"href":"https:\/\/tambienestuya.com\/index.php?rest_route=%2Fwp%2Fv2%2Fcomments&post=5837"}],"version-history":[{"count":5,"href":"https:\/\/tambienestuya.com\/index.php?rest_route=\/wp\/v2\/posts\/5837\/revisions"}],"predecessor-version":[{"id":5863,"href":"https:\/\/tambienestuya.com\/index.php?rest_route=\/wp\/v2\/posts\/5837\/revisions\/5863"}],"wp:attachment":[{"href":"https:\/\/tambienestuya.com\/index.php?rest_route=%2Fwp%2Fv2%2Fmedia&parent=5837"}],"wp:term":[{"taxonomy":"category","embeddable":true,"href":"https:\/\/tambienestuya.com\/index.php?rest_route=%2Fwp%2Fv2%2Fcategories&post=5837"},{"taxonomy":"post_tag","embeddable":true,"href":"https:\/\/tambienestuya.com\/index.php?rest_route=%2Fwp%2Fv2%2Ftags&post=5837"}],"curies":[{"name":"wp","href":"https:\/\/api.w.org\/{rel}","templated":true}]}}